

{"id":6860,"date":"2025-04-08T10:48:39","date_gmt":"2025-04-08T13:48:39","guid":{"rendered":"https:\/\/www.ufmg.br\/rededemuseus\/?p=6860"},"modified":"2025-05-19T14:41:18","modified_gmt":"2025-05-19T17:41:18","slug":"rede-de-museus-oferta-curso-gratuito-de-extensao-a-distancia-inscricoes-ate-o-dia-14-de-maio","status":"publish","type":"post","link":"https:\/\/www.ufmg.br\/rededemuseus\/index.php\/2025\/04\/08\/rede-de-museus-oferta-curso-gratuito-de-extensao-a-distancia-inscricoes-ate-o-dia-14-de-maio\/","title":{"rendered":"Rede de Museus oferta curso gratuito de extens\u00e3o a dist\u00e2ncia: inscri\u00e7\u00f5es at\u00e9 o dia 14 de maio"},"content":{"rendered":"\t\t<div data-elementor-type=\"wp-post\" data-elementor-id=\"6860\" class=\"elementor elementor-6860\">\n\t\t\t\t\t\t<div class=\"elementor-inner\">\n\t\t\t\t<div class=\"elementor-section-wrap\">\n\t\t\t\t\t\t\t\t\t<section class=\"elementor-section elementor-top-section elementor-element elementor-element-c918317 elementor-section-boxed elementor-section-height-default elementor-section-height-default\" data-id=\"c918317\" data-element_type=\"section\">\n\t\t\t\t\t\t<div class=\"elementor-container elementor-column-gap-default\">\n\t\t\t\t\t\t\t<div class=\"elementor-row\">\n\t\t\t\t\t<div class=\"elementor-column elementor-col-100 elementor-top-column elementor-element elementor-element-8f27f44\" data-id=\"8f27f44\" data-element_type=\"column\">\n\t\t\t<div class=\"elementor-column-wrap elementor-element-populated\">\n\t\t\t\t\t\t\t<div class=\"elementor-widget-wrap\">\n\t\t\t\t\t\t<div class=\"elementor-element elementor-element-ddb8cc1 elementor-widget elementor-widget-heading\" data-id=\"ddb8cc1\" data-element_type=\"widget\" data-widget_type=\"heading.default\">\n\t\t\t\t<div class=\"elementor-widget-container\">\n\t\t\t<h5 class=\"elementor-heading-title elementor-size-default\">Objetivo do curso \u00e9 contribuir para a forma\u00e7\u00e3o da cidadania tecnocient\u00edfica, explorando diferentes possibilidades de intera\u00e7\u00e3o com os espa\u00e7os museais.<\/h5>\t\t<\/div>\n\t\t\t\t<\/div>\n\t\t\t\t\t\t<\/div>\n\t\t\t\t\t<\/div>\n\t\t<\/div>\n\t\t\t\t\t\t\t\t<\/div>\n\t\t\t\t\t<\/div>\n\t\t<\/section>\n\t\t\t\t<section class=\"elementor-section elementor-top-section elementor-element elementor-element-b509b0d elementor-section-boxed elementor-section-height-default elementor-section-height-default\" data-id=\"b509b0d\" data-element_type=\"section\">\n\t\t\t\t\t\t<div class=\"elementor-container elementor-column-gap-default\">\n\t\t\t\t\t\t\t<div class=\"elementor-row\">\n\t\t\t\t\t<div class=\"elementor-column elementor-col-100 elementor-top-column elementor-element elementor-element-09b7ac5\" data-id=\"09b7ac5\" data-element_type=\"column\">\n\t\t\t<div class=\"elementor-column-wrap elementor-element-populated\">\n\t\t\t\t\t\t\t<div class=\"elementor-widget-wrap\">\n\t\t\t\t\t\t<div class=\"elementor-element elementor-element-60d21b0 elementor-widget elementor-widget-text-editor\" data-id=\"60d21b0\" data-element_type=\"widget\" data-widget_type=\"text-editor.default\">\n\t\t\t\t<div class=\"elementor-widget-container\">\n\t\t\t\t\t\t\t\t<div class=\"elementor-text-editor elementor-clearfix\">\n\t\t\t\t<p>Est\u00e3o abertas as inscri\u00e7\u00f5es para o curso de extens\u00e3o <strong>&#8220;Educa\u00e7\u00e3o Museal e Comunica\u00e7\u00e3o P\u00fablica da Ci\u00eancia: interfaces e media\u00e7\u00f5es&#8221;<\/strong>, desenvolvido no \u00e2mbito do projeto &#8220;Tem Ci\u00eancia no Museu?&#8221;, com o apoio da Fapemig.<\/p><p>Voltado a professores da educa\u00e7\u00e3o b\u00e1sica, bolsistas e profissionais envolvidos com a educa\u00e7\u00e3o museal, al\u00e9m de estudantes de gradua\u00e7\u00e3o e p\u00f3s-gradua\u00e7\u00e3o interessados na tem\u00e1tica, o curso \u00e9 ofertado por meio da plataforma Moodle, em um percurso autoinstrucional (sem tutoria\/acompanhamento) que permite a intera\u00e7\u00e3o entre os participantes por meio de f\u00f3runs de discuss\u00e3o dispon\u00edveis em cada unidade de aprendizagem.\u00a0<\/p><p>Trata-se de uma forma\u00e7\u00e3o semipresencial, com carga hor\u00e1ria de 30 horas, distribu\u00eddas em 6 semanas de atividades ass\u00edncronas. Ao final do curso, os participantes planejam o roteiro de uma a\u00e7\u00e3o educativa museal em di\u00e1logo com os princ\u00edpios da comunica\u00e7\u00e3o p\u00fablica da ci\u00eancia, a partir de visita presencial a algum espa\u00e7o museol\u00f3gico de sua escolha. Eles tamb\u00e9m avaliam o roteiro planejado por um colega selecionado aleatoriamente pela plataforma, de acordo com crit\u00e9rios de valora\u00e7\u00e3o previamente estabelecidos.<\/p><p>O curso conta com um guia do estudante, um plano de atividades contendo a sequ\u00eancia did\u00e1tica a ser seguida pelo cursista em cada unidade de aprendizagem e um texto-base, material did\u00e1tico que apresenta os aspectos fundamentais de cada tem\u00e1tica abordada, promove reflex\u00f5es e remete a recursos dispon\u00edveis na plataforma (v\u00eddeos, \u00e1udios, textos complementares, links para websites, f\u00f3runs de discuss\u00e3o e atividades avaliativas).<\/p><p>Escrito por Marcus Silveira e Adriana Mortara, especialmente para o curso, o texto-base potencializa significativamente o percurso autoinstrucional.<\/p><p>Vagas limitadas. Inscri\u00e7\u00f5es de 8 de abril a 14 de maio de 2025, pelo link: <a href=\"https:\/\/forms.gle\/BqvTfwLncQ3Uf7HZA\" target=\"_blank\" rel=\"noopener\">https:\/\/forms.gle\/BqvTfwLncQ3Uf7HZA<\/a><\/p>\t\t\t\t\t<\/div>\n\t\t\t\t\t\t<\/div>\n\t\t\t\t<\/div>\n\t\t\t\t\t\t<\/div>\n\t\t\t\t\t<\/div>\n\t\t<\/div>\n\t\t\t\t\t\t\t\t<\/div>\n\t\t\t\t\t<\/div>\n\t\t<\/section>\n\t\t\t\t<section class=\"elementor-section elementor-top-section elementor-element elementor-element-8be664d elementor-section-boxed elementor-section-height-default elementor-section-height-default\" data-id=\"8be664d\" data-element_type=\"section\">\n\t\t\t\t\t\t<div class=\"elementor-container elementor-column-gap-default\">\n\t\t\t\t\t\t\t<div class=\"elementor-row\">\n\t\t\t\t\t<div class=\"elementor-column elementor-col-100 elementor-top-column elementor-element elementor-element-563063a\" data-id=\"563063a\" data-element_type=\"column\">\n\t\t\t<div class=\"elementor-column-wrap elementor-element-populated\">\n\t\t\t\t\t\t\t<div class=\"elementor-widget-wrap\">\n\t\t\t\t\t\t<div class=\"elementor-element elementor-element-4cd59bd elementor-widget elementor-widget-heading\" data-id=\"4cd59bd\" data-element_type=\"widget\" data-widget_type=\"heading.default\">\n\t\t\t\t<div class=\"elementor-widget-container\">\n\t\t\t<h5 class=\"elementor-heading-title elementor-size-default\">Confira o cronograma<\/h5>\t\t<\/div>\n\t\t\t\t<\/div>\n\t\t\t\t<div class=\"elementor-element elementor-element-b9d78a2 elementor-widget elementor-widget-image\" data-id=\"b9d78a2\" data-element_type=\"widget\" data-widget_type=\"image.default\">\n\t\t\t\t<div class=\"elementor-widget-container\">\n\t\t\t\t\t\t\t\t<div class=\"elementor-image\">\n\t\t\t\t\t\t\t\t\t<figure class=\"wp-caption\">\n\t\t\t\t\t\t\t\t\t\t<img width=\"586\" height=\"235\" src=\"https:\/\/www.ufmg.br\/rededemuseus\/wp-content\/uploads\/2025\/04\/cronograma.jpg\" class=\"attachment-large size-large\" alt=\"\" loading=\"lazy\" srcset=\"https:\/\/www.ufmg.br\/rededemuseus\/wp-content\/uploads\/2025\/04\/cronograma.jpg 586w, https:\/\/www.ufmg.br\/rededemuseus\/wp-content\/uploads\/2025\/04\/cronograma-300x120.jpg 300w\" sizes=\"(max-width: 586px) 100vw, 586px\" \/>\t\t\t\t\t\t\t\t\t\t\t<figcaption class=\"widget-image-caption wp-caption-text\"><\/figcaption>\n\t\t\t\t\t\t\t\t\t\t<\/figure>\n\t\t\t\t\t\t\t\t<\/div>\n\t\t\t\t\t\t<\/div>\n\t\t\t\t<\/div>\n\t\t\t\t<div class=\"elementor-element elementor-element-a33e40e elementor-widget elementor-widget-shortcode\" data-id=\"a33e40e\" data-element_type=\"widget\" data-widget_type=\"shortcode.default\">\n\t\t\t\t<div class=\"elementor-widget-container\">\n\t\t\t\t\t<div class=\"elementor-shortcode\"><div class='w3eden'><!-- WPDM Link Template: Default Template -->\n\n<div class=\"wpdm-link-template link-template-default thumbnail\" style=\"margin-bottom:5px; margin-top:15px;\">\n\n    <div class=\"media\" style=\"display: flex\">\n        <div class=\"pull-left\"><img class=\"wpdm_icon\" alt=\"Icon\" src=\"https:\/\/www.ufmg.br\/rededemuseus\/wp-content\/plugins\/download-manager\/assets\/file-type-icons\/pdf.svg\" onError='this.src=\"https:\/\/www.ufmg.br\/rededemuseus\/wp-content\/plugins\/download-manager\/assets\/file-type-icons\/unknown.svg\";' \/><\/div>\n        <div class=\"media-body\"><h3 class=\"package-title\">Objetivos e t\u00f3picos de cada unidade de aprendizagem<\/h3>\n            <small class=\"text-muted\"><i class=\"fas fa-copy\"><\/i> 1 file(s) &nbsp; <i class=\"fas fa-hdd\"><\/i> 98.90 KB <\/small>\n        <\/div>\n        <div>\n            <a class='wpdm-download-link btn btn-secondary btn-sm' rel='nofollow' href='#' onclick=\"location.href='https:\/\/www.ufmg.br\/rededemuseus\/index.php\/download\/objetivos-e-topicos-de-cada-unidade-de-aprendizagem\/?wpdmdl=6875&refresh=69f46aa036e3c1777625760';return false;\">Download<\/a>\n        <\/div>\n    <\/div>\n<\/div>\n\n<div style=\"clear: both\"><\/div><\/div><\/div>\n\t\t\t\t<\/div>\n\t\t\t\t<\/div>\n\t\t\t\t\t\t<\/div>\n\t\t\t\t\t<\/div>\n\t\t<\/div>\n\t\t\t\t\t\t\t\t<\/div>\n\t\t\t\t\t<\/div>\n\t\t<\/section>\n\t\t\t\t<section class=\"elementor-section elementor-top-section elementor-element elementor-element-210f407 elementor-section-boxed elementor-section-height-default elementor-section-height-default\" data-id=\"210f407\" data-element_type=\"section\">\n\t\t\t\t\t\t<div class=\"elementor-container elementor-column-gap-default\">\n\t\t\t\t\t\t\t<div class=\"elementor-row\">\n\t\t\t\t\t<div class=\"elementor-column elementor-col-100 elementor-top-column elementor-element elementor-element-340c58d\" data-id=\"340c58d\" data-element_type=\"column\">\n\t\t\t<div class=\"elementor-column-wrap elementor-element-populated\">\n\t\t\t\t\t\t\t<div class=\"elementor-widget-wrap\">\n\t\t\t\t\t\t<div class=\"elementor-element elementor-element-731ed92 elementor-widget elementor-widget-image\" data-id=\"731ed92\" data-element_type=\"widget\" data-widget_type=\"image.default\">\n\t\t\t\t<div class=\"elementor-widget-container\">\n\t\t\t\t\t\t\t\t<div class=\"elementor-image\">\n\t\t\t\t\t\t\t\t\t\t\t\t<img width=\"300\" height=\"109\" src=\"https:\/\/www.ufmg.br\/rededemuseus\/wp-content\/uploads\/2025\/04\/Logo_tem_ciencia_corte-300x109.png\" class=\"attachment-medium size-medium\" alt=\"\" loading=\"lazy\" srcset=\"https:\/\/www.ufmg.br\/rededemuseus\/wp-content\/uploads\/2025\/04\/Logo_tem_ciencia_corte-300x109.png 300w, https:\/\/www.ufmg.br\/rededemuseus\/wp-content\/uploads\/2025\/04\/Logo_tem_ciencia_corte.png 536w\" sizes=\"(max-width: 300px) 100vw, 300px\" \/>\t\t\t\t\t\t\t\t\t\t\t\t\t\t<\/div>\n\t\t\t\t\t\t<\/div>\n\t\t\t\t<\/div>\n\t\t\t\t<div class=\"elementor-element elementor-element-dc3ef99 elementor-widget elementor-widget-image\" data-id=\"dc3ef99\" data-element_type=\"widget\" data-widget_type=\"image.default\">\n\t\t\t\t<div class=\"elementor-widget-container\">\n\t\t\t\t\t\t\t\t<div class=\"elementor-image\">\n\t\t\t\t\t\t\t\t\t\t\t\t<img width=\"604\" height=\"151\" src=\"https:\/\/www.ufmg.br\/rededemuseus\/wp-content\/uploads\/2025\/04\/tem_ciencia_apoio_form_google.png\" class=\"attachment-large size-large\" alt=\"\" loading=\"lazy\" srcset=\"https:\/\/www.ufmg.br\/rededemuseus\/wp-content\/uploads\/2025\/04\/tem_ciencia_apoio_form_google.png 960w, https:\/\/www.ufmg.br\/rededemuseus\/wp-content\/uploads\/2025\/04\/tem_ciencia_apoio_form_google-300x75.png 300w, https:\/\/www.ufmg.br\/rededemuseus\/wp-content\/uploads\/2025\/04\/tem_ciencia_apoio_form_google-768x192.png 768w\" sizes=\"(max-width: 604px) 100vw, 604px\" \/>\t\t\t\t\t\t\t\t\t\t\t\t\t\t<\/div>\n\t\t\t\t\t\t<\/div>\n\t\t\t\t<\/div>\n\t\t\t\t\t\t<\/div>\n\t\t\t\t\t<\/div>\n\t\t<\/div>\n\t\t\t\t\t\t\t\t<\/div>\n\t\t\t\t\t<\/div>\n\t\t<\/section>\n\t\t\t\t\t\t\t\t\t<\/div>\n\t\t\t<\/div>\n\t\t\t\t\t<\/div>\n\t\t","protected":false},"excerpt":{"rendered":"<p>Objetivo do curso &eacute; contribuir para a forma&ccedil;&atilde;o da cidadania tecnocient&iacute;fica, explorando diferentes possibilidades de intera&ccedil;&atilde;o com os espa&ccedil;os museais. Est&atilde;o abertas as inscri&ccedil;&otilde;es para o curso de extens&atilde;o &ldquo;Educa&ccedil;&atilde;o Museal e Comunica&ccedil;&atilde;o P&uacute;blica da Ci&ecirc;ncia: interfaces e media&ccedil;&otilde;es&rdquo;, desenvolvido no &acirc;mbito do projeto &ldquo;Tem Ci&ecirc;ncia no Museu?&rdquo;, com o apoio da Fapemig. Voltado a &hellip; <a href=\"https:\/\/www.ufmg.br\/rededemuseus\/index.php\/2025\/04\/08\/rede-de-museus-oferta-curso-gratuito-de-extensao-a-distancia-inscricoes-ate-o-dia-14-de-maio\/\" class=\"more-link\">Continue lendo <span class=\"screen-reader-text\">Rede de Museus oferta curso gratuito de extens\u00e3o a dist\u00e2ncia: inscri\u00e7\u00f5es at\u00e9 o dia 14 de maio<\/span> <span class=\"meta-nav\">&rarr;<\/span><\/a><\/p>\n","protected":false},"author":1,"featured_media":6892,"comment_status":"closed","ping_status":"closed","sticky":false,"template":"","format":"standard","meta":{"om_disable_all_campaigns":false,"_monsterinsights_skip_tracking":false,"_monsterinsights_sitenote_active":false,"_monsterinsights_sitenote_note":"","_monsterinsights_sitenote_category":0},"categories":[224,257],"tags":[],"aioseo_notices":[],"_links":{"self":[{"href":"https:\/\/www.ufmg.br\/rededemuseus\/index.php\/wp-json\/wp\/v2\/posts\/6860"}],"collection":[{"href":"https:\/\/www.ufmg.br\/rededemuseus\/index.php\/wp-json\/wp\/v2\/posts"}],"about":[{"href":"https:\/\/www.ufmg.br\/rededemuseus\/index.php\/wp-json\/wp\/v2\/types\/post"}],"author":[{"embeddable":true,"href":"https:\/\/www.ufmg.br\/rededemuseus\/index.php\/wp-json\/wp\/v2\/users\/1"}],"replies":[{"embeddable":true,"href":"https:\/\/www.ufmg.br\/rededemuseus\/index.php\/wp-json\/wp\/v2\/comments?post=6860"}],"version-history":[{"count":33,"href":"https:\/\/www.ufmg.br\/rededemuseus\/index.php\/wp-json\/wp\/v2\/posts\/6860\/revisions"}],"predecessor-version":[{"id":6904,"href":"https:\/\/www.ufmg.br\/rededemuseus\/index.php\/wp-json\/wp\/v2\/posts\/6860\/revisions\/6904"}],"wp:featuredmedia":[{"embeddable":true,"href":"https:\/\/www.ufmg.br\/rededemuseus\/index.php\/wp-json\/wp\/v2\/media\/6892"}],"wp:attachment":[{"href":"https:\/\/www.ufmg.br\/rededemuseus\/index.php\/wp-json\/wp\/v2\/media?parent=6860"}],"wp:term":[{"taxonomy":"category","embeddable":true,"href":"https:\/\/www.ufmg.br\/rededemuseus\/index.php\/wp-json\/wp\/v2\/categories?post=6860"},{"taxonomy":"post_tag","embeddable":true,"href":"https:\/\/www.ufmg.br\/rededemuseus\/index.php\/wp-json\/wp\/v2\/tags?post=6860"}],"curies":[{"name":"wp","href":"https:\/\/api.w.org\/{rel}","templated":true}]}}