

{"id":6913,"date":"2025-05-09T15:11:29","date_gmt":"2025-05-09T18:11:29","guid":{"rendered":"https:\/\/www.ufmg.br\/rededemuseus\/?p=6913"},"modified":"2025-05-23T15:36:53","modified_gmt":"2025-05-23T18:36:53","slug":"ufmg-participa-da-23a-semana-nacional-de-museus","status":"publish","type":"post","link":"https:\/\/www.ufmg.br\/rededemuseus\/index.php\/2025\/05\/09\/ufmg-participa-da-23a-semana-nacional-de-museus\/","title":{"rendered":"UFMG participa da 23\u00aa Semana Nacional de Museus"},"content":{"rendered":"\t\t<div data-elementor-type=\"wp-post\" data-elementor-id=\"6913\" class=\"elementor elementor-6913\">\n\t\t\t\t\t\t<div class=\"elementor-inner\">\n\t\t\t\t<div class=\"elementor-section-wrap\">\n\t\t\t\t\t\t\t\t\t<section class=\"elementor-section elementor-top-section elementor-element elementor-element-ddcc511 elementor-section-boxed elementor-section-height-default elementor-section-height-default\" data-id=\"ddcc511\" data-element_type=\"section\">\n\t\t\t\t\t\t<div class=\"elementor-container elementor-column-gap-default\">\n\t\t\t\t\t\t\t<div class=\"elementor-row\">\n\t\t\t\t\t<div class=\"elementor-column elementor-col-100 elementor-top-column elementor-element elementor-element-d1cde55\" data-id=\"d1cde55\" data-element_type=\"column\">\n\t\t\t<div class=\"elementor-column-wrap elementor-element-populated\">\n\t\t\t\t\t\t\t<div class=\"elementor-widget-wrap\">\n\t\t\t\t\t\t<div class=\"elementor-element elementor-element-e0dccdc elementor-widget elementor-widget-text-editor\" data-id=\"e0dccdc\" data-element_type=\"widget\" data-widget_type=\"text-editor.default\">\n\t\t\t\t<div class=\"elementor-widget-container\">\n\t\t\t\t\t\t\t\t<div class=\"elementor-text-editor elementor-clearfix\">\n\t\t\t\t<h6>O futuro dos museus em comunidades em r\u00e1pida transforma\u00e7\u00e3o\u201d, \u00e9 o tema da 23\u00aa Semana Nacional de Museus, com foco em tr\u00eas sub\u00e1reas tem\u00e1ticas principais: Patrim\u00f4nio Imaterial, Juventude e Novas Tecnologias.<\/h6>\t\t\t\t\t<\/div>\n\t\t\t\t\t\t<\/div>\n\t\t\t\t<\/div>\n\t\t\t\t\t\t<\/div>\n\t\t\t\t\t<\/div>\n\t\t<\/div>\n\t\t\t\t\t\t\t\t<\/div>\n\t\t\t\t\t<\/div>\n\t\t<\/section>\n\t\t\t\t<section class=\"elementor-section elementor-top-section elementor-element elementor-element-83e6687 elementor-section-boxed elementor-section-height-default elementor-section-height-default\" data-id=\"83e6687\" data-element_type=\"section\">\n\t\t\t\t\t\t<div class=\"elementor-container elementor-column-gap-default\">\n\t\t\t\t\t\t\t<div class=\"elementor-row\">\n\t\t\t\t\t<div class=\"elementor-column elementor-col-100 elementor-top-column elementor-element elementor-element-e62ca70\" data-id=\"e62ca70\" data-element_type=\"column\">\n\t\t\t<div class=\"elementor-column-wrap elementor-element-populated\">\n\t\t\t\t\t\t\t<div class=\"elementor-widget-wrap\">\n\t\t\t\t\t\t<div class=\"elementor-element elementor-element-67fcea8 elementor-widget elementor-widget-text-editor\" data-id=\"67fcea8\" data-element_type=\"widget\" data-widget_type=\"text-editor.default\">\n\t\t\t\t<div class=\"elementor-widget-container\">\n\t\t\t\t\t\t\t\t<div class=\"elementor-text-editor elementor-clearfix\">\n\t\t\t\t<p>Em um mundo marcado por mudan\u00e7as aceleradas e transforma\u00e7\u00f5es profundas, os museus se consolidam como espa\u00e7os essenciais para a reflex\u00e3o, a preserva\u00e7\u00e3o e a promo\u00e7\u00e3o da cultura.<\/p><p>Diante de desafios globais e locais, a 23\u00aa Semana Nacional de Museus prop\u00f5e uma discuss\u00e3o sobre o futuro dessas institui\u00e7\u00f5es, destacando seu papel como agentes de transforma\u00e7\u00e3o em comunidades din\u00e2micas e diversificadas. <br \/>Ao documentar, preservar e difundir o patrim\u00f4nio imaterial brasileiro, os museus fortalecem a mem\u00f3ria coletiva, valorizam saberes e fazeres tradicionais e incentivam o di\u00e1logo intercultural.<\/p><p>A juventude, por sua vez, ocupa um lugar central para a exist\u00eancia dos museus, tendo em vista que o p\u00fablico estudantil \u00e9 bastante expressivo. Atrav\u00e9s da educa\u00e7\u00e3o, uma das fun\u00e7\u00f5es primordiais de todos os museus, pode-se realizar a\u00e7\u00f5es inovadoras que fa\u00e7am dessas institui\u00e7\u00f5es centros vibrantes de coopera\u00e7\u00e3o, experimenta\u00e7\u00e3o e desenvolvimento.<\/p><p>No campo das novas tecnologias, j\u00e1 percebemos como elas est\u00e3o redefinindo o modo como os museus se relacionam com seus p\u00fablicos e com o mundo ao seu redor. Por meio de ferramentas digitais, como realidade aumentada, intelig\u00eancia artificial, plataformas interativas e acervos virtuais, os museus podem ampliar seu alcance, democratizar o acesso \u00e0 cultura e promover uma participa\u00e7\u00e3o cidad\u00e3 mais ativa.<\/p><p>Ao valorizar o patrim\u00f4nio imaterial, abra\u00e7ar a juventude e incorporar novas tecnologias, os museus podem se reinventar como espa\u00e7os din\u00e2micos, inclusivos e transformadores. Nesse processo, eles preservam o passado, inspiram o presente e constroem um futuro mais sustent\u00e1vel e conectado com as comunidades.<br \/><br \/><\/p><p>(Extra\u00eddo de https:\/\/visite.museus.gov.br\/eventos\/23-snm\/texto-de-referencia-23a-snm\/)<\/p>\t\t\t\t\t<\/div>\n\t\t\t\t\t\t<\/div>\n\t\t\t\t<\/div>\n\t\t\t\t\t\t<\/div>\n\t\t\t\t\t<\/div>\n\t\t<\/div>\n\t\t\t\t\t\t\t\t<\/div>\n\t\t\t\t\t<\/div>\n\t\t<\/section>\n\t\t\t\t<section class=\"elementor-section elementor-top-section elementor-element elementor-element-51a0cfd elementor-section-boxed elementor-section-height-default elementor-section-height-default\" data-id=\"51a0cfd\" data-element_type=\"section\">\n\t\t\t\t\t\t<div class=\"elementor-container elementor-column-gap-default\">\n\t\t\t\t\t\t\t<div class=\"elementor-row\">\n\t\t\t\t\t<div class=\"elementor-column elementor-col-100 elementor-top-column elementor-element elementor-element-54d940f\" data-id=\"54d940f\" data-element_type=\"column\">\n\t\t\t<div class=\"elementor-column-wrap elementor-element-populated\">\n\t\t\t\t\t\t\t<div class=\"elementor-widget-wrap\">\n\t\t\t\t\t\t<div class=\"elementor-element elementor-element-1887734 elementor-widget elementor-widget-image\" data-id=\"1887734\" data-element_type=\"widget\" data-widget_type=\"image.default\">\n\t\t\t\t<div class=\"elementor-widget-container\">\n\t\t\t\t\t\t\t\t<div class=\"elementor-image\">\n\t\t\t\t\t\t\t\t\t\t\t\t\t<a href=\"https:\/\/visite.museus.gov.br\/eventos\/23-snm\/?perpage=24&#038;view_mode=cnegrid&#038;paged=1&#038;order=DESC&#038;orderby=meta_value&#038;metakey=38419&#038;metatype=DATETIME&#038;fetch_only=thumbnail%2Ccreation_date%2Ctitle%2Cdescription&#038;fetch_only_meta=&#038;metaquery%5B0%5D%5Bkey%5D=38430&#038;metaquery%5B0%5D%5Bvalue%5D%5B0%5D=146988&#038;metaquery%5B0%5D%5Bvalue%5D%5B1%5D=810562&#038;metaquery%5B0%5D%5Bvalue%5D%5B2%5D=203683&#038;metaquery%5B0%5D%5Bvalue%5D%5B3%5D=810542&#038;metaquery%5B0%5D%5Bvalue%5D%5B4%5D=260130&#038;metaquery%5B0%5D%5Bcompare%5D=IN\" target=\"_blank\">\n\t\t\t\t\t\t\t<img width=\"604\" height=\"1069\" src=\"https:\/\/www.ufmg.br\/rededemuseus\/wp-content\/uploads\/2025\/05\/PROGRAMACAO.jpg\" class=\"attachment-medium_large size-medium_large\" alt=\"\" loading=\"lazy\" srcset=\"https:\/\/www.ufmg.br\/rededemuseus\/wp-content\/uploads\/2025\/05\/PROGRAMACAO.jpg 610w, https:\/\/www.ufmg.br\/rededemuseus\/wp-content\/uploads\/2025\/05\/PROGRAMACAO-169x300.jpg 169w, https:\/\/www.ufmg.br\/rededemuseus\/wp-content\/uploads\/2025\/05\/PROGRAMACAO-578x1024.jpg 578w\" sizes=\"(max-width: 604px) 100vw, 604px\" \/>\t\t\t\t\t\t\t\t<\/a>\n\t\t\t\t\t\t\t\t\t\t\t\t\t\t<\/div>\n\t\t\t\t\t\t<\/div>\n\t\t\t\t<\/div>\n\t\t\t\t<div class=\"elementor-element elementor-element-78024a6 elementor-widget elementor-widget-text-editor\" data-id=\"78024a6\" data-element_type=\"widget\" data-widget_type=\"text-editor.default\">\n\t\t\t\t<div class=\"elementor-widget-container\">\n\t\t\t\t\t\t\t\t<div class=\"elementor-text-editor elementor-clearfix\">\n\t\t\t\t<p><span style=\"color: #7a7a7a; text-align: center; white-space-collapse: preserve;\">Museu de Ci\u00eancias Morfol\u00f3gicas, Espa\u00e7o do Conhecimento UFMG, Museu de Hist\u00f3ria Natural e Jardim Bot\u00e2nico, Museu Casa Padre Toledo e Gradua\u00e7\u00e3o em Museologia participam do evento.<\/span><\/p>\t\t\t\t\t<\/div>\n\t\t\t\t\t\t<\/div>\n\t\t\t\t<\/div>\n\t\t\t\t\t\t<\/div>\n\t\t\t\t\t<\/div>\n\t\t<\/div>\n\t\t\t\t\t\t\t\t<\/div>\n\t\t\t\t\t<\/div>\n\t\t<\/section>\n\t\t\t\t\t\t\t\t\t<\/div>\n\t\t\t<\/div>\n\t\t\t\t\t<\/div>\n\t\t","protected":false},"excerpt":{"rendered":"<p>O futuro dos museus em comunidades em r&aacute;pida transforma&ccedil;&atilde;o&rdquo;, &eacute; o tema da 23&ordf; Semana Nacional de Museus, com foco em tr&ecirc;s sub&aacute;reas tem&aacute;ticas principais: Patrim&ocirc;nio Imaterial, Juventude e Novas Tecnologias. Em um mundo marcado por mudan&ccedil;as aceleradas e transforma&ccedil;&otilde;es profundas, os museus se consolidam como espa&ccedil;os essenciais para a reflex&atilde;o, a preserva&ccedil;&atilde;o e a &hellip; <a href=\"https:\/\/www.ufmg.br\/rededemuseus\/index.php\/2025\/05\/09\/ufmg-participa-da-23a-semana-nacional-de-museus\/\" class=\"more-link\">Continue lendo <span class=\"screen-reader-text\">UFMG participa da 23\u00aa Semana Nacional de Museus<\/span> <span class=\"meta-nav\">&rarr;<\/span><\/a><\/p>\n","protected":false},"author":1,"featured_media":6999,"comment_status":"closed","ping_status":"closed","sticky":false,"template":"","format":"standard","meta":{"om_disable_all_campaigns":false,"_monsterinsights_skip_tracking":false,"_monsterinsights_sitenote_active":false,"_monsterinsights_sitenote_note":"","_monsterinsights_sitenote_category":0},"categories":[236,18],"tags":[],"aioseo_notices":[],"_links":{"self":[{"href":"https:\/\/www.ufmg.br\/rededemuseus\/index.php\/wp-json\/wp\/v2\/posts\/6913"}],"collection":[{"href":"https:\/\/www.ufmg.br\/rededemuseus\/index.php\/wp-json\/wp\/v2\/posts"}],"about":[{"href":"https:\/\/www.ufmg.br\/rededemuseus\/index.php\/wp-json\/wp\/v2\/types\/post"}],"author":[{"embeddable":true,"href":"https:\/\/www.ufmg.br\/rededemuseus\/index.php\/wp-json\/wp\/v2\/users\/1"}],"replies":[{"embeddable":true,"href":"https:\/\/www.ufmg.br\/rededemuseus\/index.php\/wp-json\/wp\/v2\/comments?post=6913"}],"version-history":[{"count":79,"href":"https:\/\/www.ufmg.br\/rededemuseus\/index.php\/wp-json\/wp\/v2\/posts\/6913\/revisions"}],"predecessor-version":[{"id":7002,"href":"https:\/\/www.ufmg.br\/rededemuseus\/index.php\/wp-json\/wp\/v2\/posts\/6913\/revisions\/7002"}],"wp:featuredmedia":[{"embeddable":true,"href":"https:\/\/www.ufmg.br\/rededemuseus\/index.php\/wp-json\/wp\/v2\/media\/6999"}],"wp:attachment":[{"href":"https:\/\/www.ufmg.br\/rededemuseus\/index.php\/wp-json\/wp\/v2\/media?parent=6913"}],"wp:term":[{"taxonomy":"category","embeddable":true,"href":"https:\/\/www.ufmg.br\/rededemuseus\/index.php\/wp-json\/wp\/v2\/categories?post=6913"},{"taxonomy":"post_tag","embeddable":true,"href":"https:\/\/www.ufmg.br\/rededemuseus\/index.php\/wp-json\/wp\/v2\/tags?post=6913"}],"curies":[{"name":"wp","href":"https:\/\/api.w.org\/{rel}","templated":true}]}}