

{"id":7117,"date":"2025-06-16T11:52:35","date_gmt":"2025-06-16T14:52:35","guid":{"rendered":"https:\/\/www.ufmg.br\/rededemuseus\/?p=7117"},"modified":"2026-01-14T11:19:10","modified_gmt":"2026-01-14T14:19:10","slug":"confira-caderno-de-resumos-apresentacoes-certificados-e-imagens-do-evento-2","status":"publish","type":"post","link":"https:\/\/www.ufmg.br\/rededemuseus\/index.php\/2025\/06\/16\/confira-caderno-de-resumos-apresentacoes-certificados-e-imagens-do-evento-2\/","title":{"rendered":"Confira: caderno de resumos, apresenta\u00e7\u00f5es, certificados e imagens do evento."},"content":{"rendered":"\t\t<div data-elementor-type=\"wp-post\" data-elementor-id=\"7117\" class=\"elementor elementor-7117\">\n\t\t\t\t\t\t<div class=\"elementor-inner\">\n\t\t\t\t<div class=\"elementor-section-wrap\">\n\t\t\t\t\t\t\t\t\t<section class=\"elementor-section elementor-top-section elementor-element elementor-element-e35b24d elementor-section-boxed elementor-section-height-default elementor-section-height-default\" data-id=\"e35b24d\" data-element_type=\"section\">\n\t\t\t\t\t\t<div class=\"elementor-container elementor-column-gap-default\">\n\t\t\t\t\t\t\t<div class=\"elementor-row\">\n\t\t\t\t\t<div class=\"elementor-column elementor-col-100 elementor-top-column elementor-element elementor-element-989f64d\" data-id=\"989f64d\" data-element_type=\"column\">\n\t\t\t<div class=\"elementor-column-wrap elementor-element-populated\">\n\t\t\t\t\t\t\t<div class=\"elementor-widget-wrap\">\n\t\t\t\t\t\t<div class=\"elementor-element elementor-element-7c21dee elementor-widget elementor-widget-heading\" data-id=\"7c21dee\" data-element_type=\"widget\" data-widget_type=\"heading.default\">\n\t\t\t\t<div class=\"elementor-widget-container\">\n\t\t\t<h2 class=\"elementor-heading-title elementor-size-default\">Semin\u00e1rio na UFMG debate import\u00e2ncia dos museus para comunica\u00e7\u00e3o da ci\u00eancia<\/h2>\t\t<\/div>\n\t\t\t\t<\/div>\n\t\t\t\t<div class=\"elementor-element elementor-element-87189f0 elementor-widget elementor-widget-heading\" data-id=\"87189f0\" data-element_type=\"widget\" data-widget_type=\"heading.default\">\n\t\t\t\t<div class=\"elementor-widget-container\">\n\t\t\t<h6 class=\"elementor-heading-title elementor-size-default\">Segunda edi\u00e7\u00e3o do evento contou com mesas e apresenta\u00e7\u00f5es de trabalhos sobre a\u00e7\u00f5es e experi\u00eancias dos espa\u00e7os museais<\/h6>\t\t<\/div>\n\t\t\t\t<\/div>\n\t\t\t\t<div class=\"elementor-element elementor-element-5b8bad6 elementor-widget elementor-widget-image\" data-id=\"5b8bad6\" data-element_type=\"widget\" data-widget_type=\"image.default\">\n\t\t\t\t<div class=\"elementor-widget-container\">\n\t\t\t\t\t\t\t\t<div class=\"elementor-image\">\n\t\t\t\t\t\t\t\t\t<figure class=\"wp-caption\">\n\t\t\t\t\t\t\t\t\t\t<img width=\"604\" height=\"403\" src=\"https:\/\/www.ufmg.br\/rededemuseus\/wp-content\/uploads\/2025\/06\/Semario-Educacao-Museal-Rede-de-Museus-Foto-Eduardo-Proex-UFMG-768x512-1.jpg\" class=\"attachment-large size-large\" alt=\"\" loading=\"lazy\" srcset=\"https:\/\/www.ufmg.br\/rededemuseus\/wp-content\/uploads\/2025\/06\/Semario-Educacao-Museal-Rede-de-Museus-Foto-Eduardo-Proex-UFMG-768x512-1.jpg 768w, https:\/\/www.ufmg.br\/rededemuseus\/wp-content\/uploads\/2025\/06\/Semario-Educacao-Museal-Rede-de-Museus-Foto-Eduardo-Proex-UFMG-768x512-1-300x200.jpg 300w, https:\/\/www.ufmg.br\/rededemuseus\/wp-content\/uploads\/2025\/06\/Semario-Educacao-Museal-Rede-de-Museus-Foto-Eduardo-Proex-UFMG-768x512-1-272x182.jpg 272w\" sizes=\"(max-width: 604px) 100vw, 604px\" \/>\t\t\t\t\t\t\t\t\t\t\t<figcaption class=\"widget-image-caption wp-caption-text\">Mesa \u2018A comunica\u00e7\u00e3o p\u00fablica da ci\u00eancia nos museus\u2019 com a professora Martha Marandino da USP | Foto: Eduardo Maia\/Proex<\/figcaption>\n\t\t\t\t\t\t\t\t\t\t<\/figure>\n\t\t\t\t\t\t\t\t<\/div>\n\t\t\t\t\t\t<\/div>\n\t\t\t\t<\/div>\n\t\t\t\t<div class=\"elementor-element elementor-element-2ccd04c elementor-widget elementor-widget-text-editor\" data-id=\"2ccd04c\" data-element_type=\"widget\" data-widget_type=\"text-editor.default\">\n\t\t\t\t<div class=\"elementor-widget-container\">\n\t\t\t\t\t\t\t\t<div class=\"elementor-text-editor elementor-clearfix\">\n\t\t\t\t<p>A UFMG sediou o 2\u00ba Semin\u00e1rio de Educa\u00e7\u00e3o Museal, de 3 a 5 de junho, no Audit\u00f3rio B101\/102 do Centro de Atividades Did\u00e1ticas 3 (CAD3), no campus Pampulha.<\/p>\n<p>O evento reuniu coordenadores de museus, docentes, pesquisadores, estudantes, t\u00e9cnicos e gestores para apresenta\u00e7\u00f5es de trabalhos e debates sobre temas contempor\u00e2neos relacionados \u00e0 educa\u00e7\u00e3o museal e \u00e0 comunica\u00e7\u00e3o p\u00fablica da ci\u00eancia. Foram apresentados 23 trabalhos desenvolvidos por bolsistas e colaboradores da Rede de Museus da UFMG.<\/p>\n<p>As atividades tiveram in\u00edcio nesta ter\u00e7a-feira (3), com a presen\u00e7a do pr\u00f3-reitor de Extens\u00e3o da UFMG, Glaucinei Rodrigues Corr\u00eaa, e das professoras Maria In\u00eas Senna e R\u00fabia Santos Fonseca, coordenadora e vice-coordenadora da Rede de Museus, respectivamente.<\/p>\t\t\t\t\t<\/div>\n\t\t\t\t\t\t<\/div>\n\t\t\t\t<\/div>\n\t\t\t\t<div class=\"elementor-element elementor-element-cf352a3 elementor-widget elementor-widget-image\" data-id=\"cf352a3\" data-element_type=\"widget\" data-widget_type=\"image.default\">\n\t\t\t\t<div class=\"elementor-widget-container\">\n\t\t\t\t\t\t\t\t<div class=\"elementor-image\">\n\t\t\t\t\t\t\t\t\t<figure class=\"wp-caption\">\n\t\t\t\t\t\t\t\t\t\t<img width=\"604\" height=\"403\" src=\"https:\/\/www.ufmg.br\/rededemuseus\/wp-content\/uploads\/2025\/06\/Semario-Educacao-Museal-Rede-Museus-Foto-Eduardo-Proex-UFMG-768x512-1.jpg\" class=\"attachment-large size-large\" alt=\"\" loading=\"lazy\" srcset=\"https:\/\/www.ufmg.br\/rededemuseus\/wp-content\/uploads\/2025\/06\/Semario-Educacao-Museal-Rede-Museus-Foto-Eduardo-Proex-UFMG-768x512-1.jpg 768w, https:\/\/www.ufmg.br\/rededemuseus\/wp-content\/uploads\/2025\/06\/Semario-Educacao-Museal-Rede-Museus-Foto-Eduardo-Proex-UFMG-768x512-1-300x200.jpg 300w, https:\/\/www.ufmg.br\/rededemuseus\/wp-content\/uploads\/2025\/06\/Semario-Educacao-Museal-Rede-Museus-Foto-Eduardo-Proex-UFMG-768x512-1-272x182.jpg 272w\" sizes=\"(max-width: 604px) 100vw, 604px\" \/>\t\t\t\t\t\t\t\t\t\t\t<figcaption class=\"widget-image-caption wp-caption-text\">Evento foi aberto pelos professores Maria In\u00eas, Glaucinei e R\u00fabia | Foto: Eduardo Maia\/Proex<\/figcaption>\n\t\t\t\t\t\t\t\t\t\t<\/figure>\n\t\t\t\t\t\t\t\t<\/div>\n\t\t\t\t\t\t<\/div>\n\t\t\t\t<\/div>\n\t\t\t\t<div class=\"elementor-element elementor-element-62014d0 elementor-widget elementor-widget-text-editor\" data-id=\"62014d0\" data-element_type=\"widget\" data-widget_type=\"text-editor.default\">\n\t\t\t\t<div class=\"elementor-widget-container\">\n\t\t\t\t\t\t\t\t<div class=\"elementor-text-editor elementor-clearfix\">\n\t\t\t\t<p><strong>Museus e democratiza\u00e7\u00e3o do saber<\/strong><\/p><p>A mesa de abertura \u201cA comunica\u00e7\u00e3o p\u00fablica da ci\u00eancia nos museus\u201d teve a participa\u00e7\u00e3o da professora Martha Marandino, da Faculdade de Educa\u00e7\u00e3o da USP, e do professor Yurij Castelfranchi, do Departamento de Sociologia da Fafich\/UFMG.<\/p><p>Em sua apresenta\u00e7\u00e3o, Martha Marandino abordou a constru\u00e7\u00e3o hist\u00f3rica do conceito de educa\u00e7\u00e3o museal e refletiu sobre os museus como espa\u00e7os de divulga\u00e7\u00e3o, apropria\u00e7\u00e3o do conhecimento e intera\u00e7\u00e3o com as comunidades. \u201cCom a participa\u00e7\u00e3o das comunidades, os museus funcionam e comunicam de forma \u00e9tica e profissional, proporcionando experi\u00eancias diversas para a educa\u00e7\u00e3o, reflex\u00e3o e partilha de saberes\u201d, afirmou a professora.<\/p>\t\t\t\t\t<\/div>\n\t\t\t\t\t\t<\/div>\n\t\t\t\t<\/div>\n\t\t\t\t<div class=\"elementor-element elementor-element-6bfdab0 elementor-widget elementor-widget-image\" data-id=\"6bfdab0\" data-element_type=\"widget\" data-widget_type=\"image.default\">\n\t\t\t\t<div class=\"elementor-widget-container\">\n\t\t\t\t\t\t\t\t<div class=\"elementor-image\">\n\t\t\t\t\t\t\t\t\t<figure class=\"wp-caption\">\n\t\t\t\t\t\t\t\t\t\t<img width=\"604\" height=\"613\" src=\"https:\/\/www.ufmg.br\/rededemuseus\/wp-content\/uploads\/2025\/06\/Semario-de-Educacao-Museal-Rede-de-Museus-Foto-Eduardo-Proex-UFMG-fotor-20250604121941-768x779-1.jpg\" class=\"attachment-large size-large\" alt=\"\" loading=\"lazy\" srcset=\"https:\/\/www.ufmg.br\/rededemuseus\/wp-content\/uploads\/2025\/06\/Semario-de-Educacao-Museal-Rede-de-Museus-Foto-Eduardo-Proex-UFMG-fotor-20250604121941-768x779-1.jpg 768w, https:\/\/www.ufmg.br\/rededemuseus\/wp-content\/uploads\/2025\/06\/Semario-de-Educacao-Museal-Rede-de-Museus-Foto-Eduardo-Proex-UFMG-fotor-20250604121941-768x779-1-296x300.jpg 296w, https:\/\/www.ufmg.br\/rededemuseus\/wp-content\/uploads\/2025\/06\/Semario-de-Educacao-Museal-Rede-de-Museus-Foto-Eduardo-Proex-UFMG-fotor-20250604121941-768x779-1-45x45.jpg 45w\" sizes=\"(max-width: 604px) 100vw, 604px\" \/>\t\t\t\t\t\t\t\t\t\t\t<figcaption class=\"widget-image-caption wp-caption-text\"> Yurij Castelfranchi: museus s\u00e3o centrais na divulga\u00e7\u00e3o cient\u00edfica | Foto: Eduardo Maia\/Proex <\/figcaption>\n\t\t\t\t\t\t\t\t\t\t<\/figure>\n\t\t\t\t\t\t\t\t<\/div>\n\t\t\t\t\t\t<\/div>\n\t\t\t\t<\/div>\n\t\t\t\t<div class=\"elementor-element elementor-element-7e71d45 elementor-widget elementor-widget-text-editor\" data-id=\"7e71d45\" data-element_type=\"widget\" data-widget_type=\"text-editor.default\">\n\t\t\t\t<div class=\"elementor-widget-container\">\n\t\t\t\t\t\t\t\t<div class=\"elementor-text-editor elementor-clearfix\">\n\t\t\t\t<p>O professor Yurij Castelfranchi enfatizou a import\u00e2ncia dos espa\u00e7os para a democratiza\u00e7\u00e3o do conhecimento. \u201cEles t\u00eam um papel crucial e pioneiro no novo ecossistema de democratiza\u00e7\u00e3o do conhecimento\u201d, disse. O docente tamb\u00e9m alertou para desafios enfrentados pelo setor, como a queda no n\u00famero de visitantes e a desigualdade de acesso.\u00a0 Na quarta-feira (4), pela manh\u00e3, o 2\u00ba Semin\u00e1rio de Educa\u00e7\u00e3o Museal promoveu a mesa \u201cMuseus, pr\u00e1ticas educativas e acessibilidade\u201d, com a participa\u00e7\u00e3o das professoras da UFOP Ingrid da Silva Borges (Museu da Farm\u00e1cia) e Karlla Kamylla Passos dos Santos (Escola de Direito, Turismo e Museologia).\u00a0\u00a0<\/p><p>O evento \u00e9 uma iniciativa da Rede de Museus da UFMG, em parceria com a Escola de Ci\u00eancia da Informa\u00e7\u00e3o (ECI\/UFMG). A programa\u00e7\u00e3o completa pode ser consultada no <a href=\"https:\/\/www.ufmg.br\/rededemuseus\/index.php\/2025\/05\/19\/2seminarioedmuseal\/\" target=\"_blank\" rel=\"noopener\" data-wplink-edit=\"true\">site da Rede<\/a> ou em seu <a href=\"https:\/\/www.instagram.com\/rededemuseusufmg\/\" target=\"_blank\" rel=\"noopener\">Instagram<\/a>.<\/p>\t\t\t\t\t<\/div>\n\t\t\t\t\t\t<\/div>\n\t\t\t\t<\/div>\n\t\t\t\t<div class=\"elementor-element elementor-element-88ffd94 elementor-widget elementor-widget-text-editor\" data-id=\"88ffd94\" data-element_type=\"widget\" data-widget_type=\"text-editor.default\">\n\t\t\t\t<div class=\"elementor-widget-container\">\n\t\t\t\t\t\t\t\t<div class=\"elementor-text-editor elementor-clearfix\">\n\t\t\t\t<p>[Fonte: https:\/\/www.ufmg.br\/proex\/noticia\/seminario-na-ufmg-debate-importancia-dos-museus-para-comunicacao-da-ciencia\/]<\/p>\t\t\t\t\t<\/div>\n\t\t\t\t\t\t<\/div>\n\t\t\t\t<\/div>\n\t\t\t\t<div class=\"elementor-element elementor-element-867344e elementor-widget elementor-widget-shortcode\" data-id=\"867344e\" data-element_type=\"widget\" data-widget_type=\"shortcode.default\">\n\t\t\t\t<div class=\"elementor-widget-container\">\n\t\t\t\t\t<div class=\"elementor-shortcode\"><div class='w3eden'><!-- WPDM Link Template: Default Template -->\n\n<div class=\"wpdm-link-template link-template-default thumbnail\" style=\"margin-bottom:5px; margin-top:15px;\">\n\n    <div class=\"media\" style=\"display: flex\">\n        <div class=\"pull-left\"><img class=\"wpdm_icon\" alt=\"Icon\" src=\"https:\/\/www.ufmg.br\/rededemuseus\/wp-content\/plugins\/download-manager\/assets\/file-type-icons\/pdf.svg\" onError='this.src=\"https:\/\/www.ufmg.br\/rededemuseus\/wp-content\/plugins\/download-manager\/assets\/file-type-icons\/unknown.svg\";' \/><\/div>\n        <div class=\"media-body\"><h3 class=\"package-title\">Caderno de Resumos<\/h3>\n            <small class=\"text-muted\"><i class=\"fas fa-copy\"><\/i> 1 file(s) &nbsp; <i class=\"fas fa-hdd\"><\/i> 316.46 KB <\/small>\n        <\/div>\n        <div>\n            <a class='wpdm-download-link btn btn-secondary btn-sm' rel='nofollow' href='#' onclick=\"location.href='https:\/\/www.ufmg.br\/rededemuseus\/index.php\/download\/caderno-de-resumos-2\/?wpdmdl=7154&refresh=69f3c9145f6611777584404';return false;\">Download<\/a>\n        <\/div>\n    <\/div>\n<\/div>\n\n<div style=\"clear: both\"><\/div><\/div>\n<div class='w3eden'><!-- WPDM Link Template: Default Template -->\n\n<div class=\"wpdm-link-template link-template-default thumbnail\" style=\"margin-bottom:5px; margin-top:15px;\">\n\n    <div class=\"media\" style=\"display: flex\">\n        <div class=\"pull-left\"><img class=\"wpdm_icon\" alt=\"Icon\" src=\"https:\/\/www.ufmg.br\/rededemuseus\/wp-content\/plugins\/download-manager\/assets\/file-type-icons\/pdf.svg\" onError='this.src=\"https:\/\/www.ufmg.br\/rededemuseus\/wp-content\/plugins\/download-manager\/assets\/file-type-icons\/unknown.svg\";' \/><\/div>\n        <div class=\"media-body\"><h3 class=\"package-title\">Certificados<\/h3>\n            <small class=\"text-muted\"><i class=\"fas fa-copy\"><\/i> 1 file(s) &nbsp; <i class=\"fas fa-hdd\"><\/i> 1.02 MB <\/small>\n        <\/div>\n        <div>\n            <a class='wpdm-download-link btn btn-secondary btn-sm' rel='nofollow' href='#' onclick=\"location.href='https:\/\/www.ufmg.br\/rededemuseus\/index.php\/download\/certificados\/?wpdmdl=7145&refresh=69f3c914717f61777584404';return false;\">Download<\/a>\n        <\/div>\n    <\/div>\n<\/div>\n\n<div style=\"clear: both\"><\/div><\/div>\n<div class='w3eden'><!-- WPDM Link Template: Default Template -->\n\n<div class=\"wpdm-link-template link-template-default thumbnail\" style=\"margin-bottom:5px; margin-top:15px;\">\n\n    <div class=\"media\" style=\"display: flex\">\n        <div class=\"pull-left\"><img class=\"wpdm_icon\" alt=\"Icon\" src=\"https:\/\/www.ufmg.br\/rededemuseus\/wp-content\/plugins\/download-manager\/assets\/file-type-icons\/com\/file\/d\/1V2wL7QSOXaK3-nHCuBus0tGQoQ0pHcTO\/view?usp=sharing.svg\" onError='this.src=\"https:\/\/www.ufmg.br\/rededemuseus\/wp-content\/plugins\/download-manager\/assets\/file-type-icons\/unknown.svg\";' \/><\/div>\n        <div class=\"media-body\"><h3 class=\"package-title\">Apresenta\u00e7\u00f5es (WINRAR)<\/h3>\n            <small class=\"text-muted\"><i class=\"fas fa-copy\"><\/i> 1 file(s) &nbsp; <i class=\"fas fa-hdd\"><\/i> 0.00 KB <\/small>\n        <\/div>\n        <div>\n            <a class='wpdm-download-link btn btn-secondary btn-sm' rel='nofollow' href='#' onclick=\"location.href='https:\/\/www.ufmg.br\/rededemuseus\/index.php\/download\/apresentacoes-winrar-2\/?wpdmdl=7150&refresh=69f3c91472ee11777584404';return false;\">Download<\/a>\n        <\/div>\n    <\/div>\n<\/div>\n\n<div style=\"clear: both\"><\/div><\/div>\n\n\n<\/div>\n\t\t\t\t<\/div>\n\t\t\t\t<\/div>\n\t\t\t\t<div class=\"elementor-element elementor-element-66eb6b9 elementor-widget elementor-widget-image-gallery\" data-id=\"66eb6b9\" data-element_type=\"widget\" data-widget_type=\"image-gallery.default\">\n\t\t\t\t<div class=\"elementor-widget-container\">\n\t\t\t\t\t<div class=\"elementor-image-gallery\">\n\t\t\t<div id='gallery-1' class='gallery galleryid-7117 gallery-columns-4 gallery-size-post-thumbnail'><figure class='gallery-item'>\n\t\t\t<div class='gallery-icon landscape'>\n\t\t\t\t<a data-elementor-open-lightbox=\"yes\" data-elementor-lightbox-slideshow=\"66eb6b9\" data-elementor-lightbox-title=\"IMG_9770\" e-action-hash=\"#elementor-action%3Aaction%3Dlightbox%26settings%3DeyJpZCI6NzE1OCwidXJsIjoiaHR0cHM6XC9cL3d3dy51Zm1nLmJyXC9yZWRlZGVtdXNldXNcL3dwLWNvbnRlbnRcL3VwbG9hZHNcLzIwMjVcLzA2XC9JTUdfOTc3MC1zY2FsZWQuanBnIiwic2xpZGVzaG93IjoiNjZlYjZiOSJ9\" href='https:\/\/www.ufmg.br\/rededemuseus\/wp-content\/uploads\/2025\/06\/IMG_9770-scaled.jpg'><img width=\"604\" height=\"270\" src=\"https:\/\/www.ufmg.br\/rededemuseus\/wp-content\/uploads\/2025\/06\/IMG_9770-604x270.jpg\" class=\"attachment-post-thumbnail size-post-thumbnail\" alt=\"\" loading=\"lazy\" \/><\/a>\n\t\t\t<\/div><\/figure><figure class='gallery-item'>\n\t\t\t<div class='gallery-icon landscape'>\n\t\t\t\t<a data-elementor-open-lightbox=\"yes\" data-elementor-lightbox-slideshow=\"66eb6b9\" data-elementor-lightbox-title=\"IMG_9773\" e-action-hash=\"#elementor-action%3Aaction%3Dlightbox%26settings%3DeyJpZCI6NzE1OSwidXJsIjoiaHR0cHM6XC9cL3d3dy51Zm1nLmJyXC9yZWRlZGVtdXNldXNcL3dwLWNvbnRlbnRcL3VwbG9hZHNcLzIwMjVcLzA2XC9JTUdfOTc3My1zY2FsZWQuanBnIiwic2xpZGVzaG93IjoiNjZlYjZiOSJ9\" href='https:\/\/www.ufmg.br\/rededemuseus\/wp-content\/uploads\/2025\/06\/IMG_9773-scaled.jpg'><img width=\"604\" height=\"270\" src=\"https:\/\/www.ufmg.br\/rededemuseus\/wp-content\/uploads\/2025\/06\/IMG_9773-604x270.jpg\" class=\"attachment-post-thumbnail size-post-thumbnail\" alt=\"\" loading=\"lazy\" \/><\/a>\n\t\t\t<\/div><\/figure><figure class='gallery-item'>\n\t\t\t<div class='gallery-icon landscape'>\n\t\t\t\t<a data-elementor-open-lightbox=\"yes\" data-elementor-lightbox-slideshow=\"66eb6b9\" data-elementor-lightbox-title=\"IMG_9792\" e-action-hash=\"#elementor-action%3Aaction%3Dlightbox%26settings%3DeyJpZCI6NzE2MCwidXJsIjoiaHR0cHM6XC9cL3d3dy51Zm1nLmJyXC9yZWRlZGVtdXNldXNcL3dwLWNvbnRlbnRcL3VwbG9hZHNcLzIwMjVcLzA2XC9JTUdfOTc5Mi1zY2FsZWQuanBnIiwic2xpZGVzaG93IjoiNjZlYjZiOSJ9\" href='https:\/\/www.ufmg.br\/rededemuseus\/wp-content\/uploads\/2025\/06\/IMG_9792-scaled.jpg'><img width=\"604\" height=\"270\" src=\"https:\/\/www.ufmg.br\/rededemuseus\/wp-content\/uploads\/2025\/06\/IMG_9792-604x270.jpg\" class=\"attachment-post-thumbnail size-post-thumbnail\" alt=\"\" loading=\"lazy\" \/><\/a>\n\t\t\t<\/div><\/figure><figure class='gallery-item'>\n\t\t\t<div class='gallery-icon landscape'>\n\t\t\t\t<a data-elementor-open-lightbox=\"yes\" data-elementor-lightbox-slideshow=\"66eb6b9\" data-elementor-lightbox-title=\"IMG_9801\" e-action-hash=\"#elementor-action%3Aaction%3Dlightbox%26settings%3DeyJpZCI6NzE2MSwidXJsIjoiaHR0cHM6XC9cL3d3dy51Zm1nLmJyXC9yZWRlZGVtdXNldXNcL3dwLWNvbnRlbnRcL3VwbG9hZHNcLzIwMjVcLzA2XC9JTUdfOTgwMS1zY2FsZWQuanBnIiwic2xpZGVzaG93IjoiNjZlYjZiOSJ9\" href='https:\/\/www.ufmg.br\/rededemuseus\/wp-content\/uploads\/2025\/06\/IMG_9801-scaled.jpg'><img width=\"604\" height=\"270\" src=\"https:\/\/www.ufmg.br\/rededemuseus\/wp-content\/uploads\/2025\/06\/IMG_9801-604x270.jpg\" class=\"attachment-post-thumbnail size-post-thumbnail\" alt=\"\" loading=\"lazy\" \/><\/a>\n\t\t\t<\/div><\/figure><figure class='gallery-item'>\n\t\t\t<div class='gallery-icon landscape'>\n\t\t\t\t<a data-elementor-open-lightbox=\"yes\" data-elementor-lightbox-slideshow=\"66eb6b9\" data-elementor-lightbox-title=\"IMG_9816\" e-action-hash=\"#elementor-action%3Aaction%3Dlightbox%26settings%3DeyJpZCI6NzE2MiwidXJsIjoiaHR0cHM6XC9cL3d3dy51Zm1nLmJyXC9yZWRlZGVtdXNldXNcL3dwLWNvbnRlbnRcL3VwbG9hZHNcLzIwMjVcLzA2XC9JTUdfOTgxNi1zY2FsZWQuanBnIiwic2xpZGVzaG93IjoiNjZlYjZiOSJ9\" href='https:\/\/www.ufmg.br\/rededemuseus\/wp-content\/uploads\/2025\/06\/IMG_9816-scaled.jpg'><img width=\"604\" height=\"270\" src=\"https:\/\/www.ufmg.br\/rededemuseus\/wp-content\/uploads\/2025\/06\/IMG_9816-604x270.jpg\" class=\"attachment-post-thumbnail size-post-thumbnail\" alt=\"\" loading=\"lazy\" \/><\/a>\n\t\t\t<\/div><\/figure><figure class='gallery-item'>\n\t\t\t<div class='gallery-icon landscape'>\n\t\t\t\t<a data-elementor-open-lightbox=\"yes\" data-elementor-lightbox-slideshow=\"66eb6b9\" data-elementor-lightbox-title=\"IMG_9839\" e-action-hash=\"#elementor-action%3Aaction%3Dlightbox%26settings%3DeyJpZCI6NzE2MywidXJsIjoiaHR0cHM6XC9cL3d3dy51Zm1nLmJyXC9yZWRlZGVtdXNldXNcL3dwLWNvbnRlbnRcL3VwbG9hZHNcLzIwMjVcLzA2XC9JTUdfOTgzOS1zY2FsZWQuanBnIiwic2xpZGVzaG93IjoiNjZlYjZiOSJ9\" href='https:\/\/www.ufmg.br\/rededemuseus\/wp-content\/uploads\/2025\/06\/IMG_9839-scaled.jpg'><img width=\"604\" height=\"270\" src=\"https:\/\/www.ufmg.br\/rededemuseus\/wp-content\/uploads\/2025\/06\/IMG_9839-604x270.jpg\" class=\"attachment-post-thumbnail size-post-thumbnail\" alt=\"\" loading=\"lazy\" \/><\/a>\n\t\t\t<\/div><\/figure><figure class='gallery-item'>\n\t\t\t<div class='gallery-icon landscape'>\n\t\t\t\t<a data-elementor-open-lightbox=\"yes\" data-elementor-lightbox-slideshow=\"66eb6b9\" data-elementor-lightbox-title=\"IMG_9844\" e-action-hash=\"#elementor-action%3Aaction%3Dlightbox%26settings%3DeyJpZCI6NzE2NCwidXJsIjoiaHR0cHM6XC9cL3d3dy51Zm1nLmJyXC9yZWRlZGVtdXNldXNcL3dwLWNvbnRlbnRcL3VwbG9hZHNcLzIwMjVcLzA2XC9JTUdfOTg0NC1zY2FsZWQuanBnIiwic2xpZGVzaG93IjoiNjZlYjZiOSJ9\" href='https:\/\/www.ufmg.br\/rededemuseus\/wp-content\/uploads\/2025\/06\/IMG_9844-scaled.jpg'><img width=\"604\" height=\"270\" src=\"https:\/\/www.ufmg.br\/rededemuseus\/wp-content\/uploads\/2025\/06\/IMG_9844-604x270.jpg\" class=\"attachment-post-thumbnail size-post-thumbnail\" alt=\"\" loading=\"lazy\" \/><\/a>\n\t\t\t<\/div><\/figure><figure class='gallery-item'>\n\t\t\t<div class='gallery-icon landscape'>\n\t\t\t\t<a data-elementor-open-lightbox=\"yes\" data-elementor-lightbox-slideshow=\"66eb6b9\" data-elementor-lightbox-title=\"IMG_9845\" e-action-hash=\"#elementor-action%3Aaction%3Dlightbox%26settings%3DeyJpZCI6NzE2NSwidXJsIjoiaHR0cHM6XC9cL3d3dy51Zm1nLmJyXC9yZWRlZGVtdXNldXNcL3dwLWNvbnRlbnRcL3VwbG9hZHNcLzIwMjVcLzA2XC9JTUdfOTg0NS1zY2FsZWQuanBnIiwic2xpZGVzaG93IjoiNjZlYjZiOSJ9\" href='https:\/\/www.ufmg.br\/rededemuseus\/wp-content\/uploads\/2025\/06\/IMG_9845-scaled.jpg'><img width=\"604\" height=\"270\" src=\"https:\/\/www.ufmg.br\/rededemuseus\/wp-content\/uploads\/2025\/06\/IMG_9845-604x270.jpg\" class=\"attachment-post-thumbnail size-post-thumbnail\" alt=\"\" loading=\"lazy\" \/><\/a>\n\t\t\t<\/div><\/figure><figure class='gallery-item'>\n\t\t\t<div class='gallery-icon landscape'>\n\t\t\t\t<a data-elementor-open-lightbox=\"yes\" data-elementor-lightbox-slideshow=\"66eb6b9\" data-elementor-lightbox-title=\"IMG_9857\" e-action-hash=\"#elementor-action%3Aaction%3Dlightbox%26settings%3DeyJpZCI6NzE2NiwidXJsIjoiaHR0cHM6XC9cL3d3dy51Zm1nLmJyXC9yZWRlZGVtdXNldXNcL3dwLWNvbnRlbnRcL3VwbG9hZHNcLzIwMjVcLzA2XC9JTUdfOTg1Ny1zY2FsZWQuanBnIiwic2xpZGVzaG93IjoiNjZlYjZiOSJ9\" href='https:\/\/www.ufmg.br\/rededemuseus\/wp-content\/uploads\/2025\/06\/IMG_9857-scaled.jpg'><img width=\"604\" height=\"270\" src=\"https:\/\/www.ufmg.br\/rededemuseus\/wp-content\/uploads\/2025\/06\/IMG_9857-604x270.jpg\" class=\"attachment-post-thumbnail size-post-thumbnail\" alt=\"\" loading=\"lazy\" \/><\/a>\n\t\t\t<\/div><\/figure><figure class='gallery-item'>\n\t\t\t<div class='gallery-icon landscape'>\n\t\t\t\t<a data-elementor-open-lightbox=\"yes\" data-elementor-lightbox-slideshow=\"66eb6b9\" data-elementor-lightbox-title=\"IMG_9880\" e-action-hash=\"#elementor-action%3Aaction%3Dlightbox%26settings%3DeyJpZCI6NzE2NywidXJsIjoiaHR0cHM6XC9cL3d3dy51Zm1nLmJyXC9yZWRlZGVtdXNldXNcL3dwLWNvbnRlbnRcL3VwbG9hZHNcLzIwMjVcLzA2XC9JTUdfOTg4MC1zY2FsZWQuanBnIiwic2xpZGVzaG93IjoiNjZlYjZiOSJ9\" href='https:\/\/www.ufmg.br\/rededemuseus\/wp-content\/uploads\/2025\/06\/IMG_9880-scaled.jpg'><img width=\"604\" height=\"270\" src=\"https:\/\/www.ufmg.br\/rededemuseus\/wp-content\/uploads\/2025\/06\/IMG_9880-604x270.jpg\" class=\"attachment-post-thumbnail size-post-thumbnail\" alt=\"\" loading=\"lazy\" \/><\/a>\n\t\t\t<\/div><\/figure><figure class='gallery-item'>\n\t\t\t<div class='gallery-icon landscape'>\n\t\t\t\t<a data-elementor-open-lightbox=\"yes\" data-elementor-lightbox-slideshow=\"66eb6b9\" data-elementor-lightbox-title=\"IMG_9892\" e-action-hash=\"#elementor-action%3Aaction%3Dlightbox%26settings%3DeyJpZCI6NzE2OCwidXJsIjoiaHR0cHM6XC9cL3d3dy51Zm1nLmJyXC9yZWRlZGVtdXNldXNcL3dwLWNvbnRlbnRcL3VwbG9hZHNcLzIwMjVcLzA2XC9JTUdfOTg5Mi1zY2FsZWQuanBnIiwic2xpZGVzaG93IjoiNjZlYjZiOSJ9\" href='https:\/\/www.ufmg.br\/rededemuseus\/wp-content\/uploads\/2025\/06\/IMG_9892-scaled.jpg'><img width=\"604\" height=\"270\" src=\"https:\/\/www.ufmg.br\/rededemuseus\/wp-content\/uploads\/2025\/06\/IMG_9892-604x270.jpg\" class=\"attachment-post-thumbnail size-post-thumbnail\" alt=\"\" loading=\"lazy\" \/><\/a>\n\t\t\t<\/div><\/figure><figure class='gallery-item'>\n\t\t\t<div class='gallery-icon landscape'>\n\t\t\t\t<a data-elementor-open-lightbox=\"yes\" data-elementor-lightbox-slideshow=\"66eb6b9\" data-elementor-lightbox-title=\"IMG_9904\" e-action-hash=\"#elementor-action%3Aaction%3Dlightbox%26settings%3DeyJpZCI6NzIwNSwidXJsIjoiaHR0cHM6XC9cL3d3dy51Zm1nLmJyXC9yZWRlZGVtdXNldXNcL3dwLWNvbnRlbnRcL3VwbG9hZHNcLzIwMjVcLzA2XC9JTUdfOTkwNC1zY2FsZWQuanBnIiwic2xpZGVzaG93IjoiNjZlYjZiOSJ9\" href='https:\/\/www.ufmg.br\/rededemuseus\/wp-content\/uploads\/2025\/06\/IMG_9904-scaled.jpg'><img width=\"604\" height=\"270\" src=\"https:\/\/www.ufmg.br\/rededemuseus\/wp-content\/uploads\/2025\/06\/IMG_9904-604x270.jpg\" class=\"attachment-post-thumbnail size-post-thumbnail\" alt=\"\" loading=\"lazy\" \/><\/a>\n\t\t\t<\/div><\/figure><figure class='gallery-item'>\n\t\t\t<div class='gallery-icon landscape'>\n\t\t\t\t<a data-elementor-open-lightbox=\"yes\" data-elementor-lightbox-slideshow=\"66eb6b9\" data-elementor-lightbox-title=\"IMG_9906\" e-action-hash=\"#elementor-action%3Aaction%3Dlightbox%26settings%3DeyJpZCI6NzIwNiwidXJsIjoiaHR0cHM6XC9cL3d3dy51Zm1nLmJyXC9yZWRlZGVtdXNldXNcL3dwLWNvbnRlbnRcL3VwbG9hZHNcLzIwMjVcLzA2XC9JTUdfOTkwNi1zY2FsZWQuanBnIiwic2xpZGVzaG93IjoiNjZlYjZiOSJ9\" href='https:\/\/www.ufmg.br\/rededemuseus\/wp-content\/uploads\/2025\/06\/IMG_9906-scaled.jpg'><img width=\"604\" height=\"270\" src=\"https:\/\/www.ufmg.br\/rededemuseus\/wp-content\/uploads\/2025\/06\/IMG_9906-604x270.jpg\" class=\"attachment-post-thumbnail size-post-thumbnail\" alt=\"\" loading=\"lazy\" \/><\/a>\n\t\t\t<\/div><\/figure><figure class='gallery-item'>\n\t\t\t<div class='gallery-icon landscape'>\n\t\t\t\t<a data-elementor-open-lightbox=\"yes\" data-elementor-lightbox-slideshow=\"66eb6b9\" data-elementor-lightbox-title=\"IMG_9910\" e-action-hash=\"#elementor-action%3Aaction%3Dlightbox%26settings%3DeyJpZCI6NzIwNywidXJsIjoiaHR0cHM6XC9cL3d3dy51Zm1nLmJyXC9yZWRlZGVtdXNldXNcL3dwLWNvbnRlbnRcL3VwbG9hZHNcLzIwMjVcLzA2XC9JTUdfOTkxMC1zY2FsZWQuanBnIiwic2xpZGVzaG93IjoiNjZlYjZiOSJ9\" href='https:\/\/www.ufmg.br\/rededemuseus\/wp-content\/uploads\/2025\/06\/IMG_9910-scaled.jpg'><img width=\"604\" height=\"270\" src=\"https:\/\/www.ufmg.br\/rededemuseus\/wp-content\/uploads\/2025\/06\/IMG_9910-604x270.jpg\" class=\"attachment-post-thumbnail size-post-thumbnail\" alt=\"\" loading=\"lazy\" \/><\/a>\n\t\t\t<\/div><\/figure><figure class='gallery-item'>\n\t\t\t<div class='gallery-icon landscape'>\n\t\t\t\t<a data-elementor-open-lightbox=\"yes\" data-elementor-lightbox-slideshow=\"66eb6b9\" data-elementor-lightbox-title=\"IMG_9915\" e-action-hash=\"#elementor-action%3Aaction%3Dlightbox%26settings%3DeyJpZCI6NzIwOCwidXJsIjoiaHR0cHM6XC9cL3d3dy51Zm1nLmJyXC9yZWRlZGVtdXNldXNcL3dwLWNvbnRlbnRcL3VwbG9hZHNcLzIwMjVcLzA2XC9JTUdfOTkxNS1zY2FsZWQuanBnIiwic2xpZGVzaG93IjoiNjZlYjZiOSJ9\" href='https:\/\/www.ufmg.br\/rededemuseus\/wp-content\/uploads\/2025\/06\/IMG_9915-scaled.jpg'><img width=\"604\" height=\"270\" src=\"https:\/\/www.ufmg.br\/rededemuseus\/wp-content\/uploads\/2025\/06\/IMG_9915-604x270.jpg\" class=\"attachment-post-thumbnail size-post-thumbnail\" alt=\"\" loading=\"lazy\" \/><\/a>\n\t\t\t<\/div><\/figure><figure class='gallery-item'>\n\t\t\t<div class='gallery-icon landscape'>\n\t\t\t\t<a data-elementor-open-lightbox=\"yes\" data-elementor-lightbox-slideshow=\"66eb6b9\" data-elementor-lightbox-title=\"IMG_9920\" e-action-hash=\"#elementor-action%3Aaction%3Dlightbox%26settings%3DeyJpZCI6NzIwOSwidXJsIjoiaHR0cHM6XC9cL3d3dy51Zm1nLmJyXC9yZWRlZGVtdXNldXNcL3dwLWNvbnRlbnRcL3VwbG9hZHNcLzIwMjVcLzA2XC9JTUdfOTkyMC1zY2FsZWQuanBnIiwic2xpZGVzaG93IjoiNjZlYjZiOSJ9\" href='https:\/\/www.ufmg.br\/rededemuseus\/wp-content\/uploads\/2025\/06\/IMG_9920-scaled.jpg'><img width=\"604\" height=\"270\" src=\"https:\/\/www.ufmg.br\/rededemuseus\/wp-content\/uploads\/2025\/06\/IMG_9920-604x270.jpg\" class=\"attachment-post-thumbnail size-post-thumbnail\" alt=\"\" loading=\"lazy\" \/><\/a>\n\t\t\t<\/div><\/figure>\n\t\t<\/div>\n\t\t<\/div>\n\t\t\t\t<\/div>\n\t\t\t\t<\/div>\n\t\t\t\t\t\t<\/div>\n\t\t\t\t\t<\/div>\n\t\t<\/div>\n\t\t\t\t\t\t\t\t<\/div>\n\t\t\t\t\t<\/div>\n\t\t<\/section>\n\t\t\t\t<section class=\"elementor-section elementor-top-section elementor-element elementor-element-157dee8 elementor-section-boxed elementor-section-height-default elementor-section-height-default\" data-id=\"157dee8\" data-element_type=\"section\">\n\t\t\t\t\t\t<div class=\"elementor-container elementor-column-gap-default\">\n\t\t\t\t\t\t\t<div class=\"elementor-row\">\n\t\t\t\t\t<div class=\"elementor-column elementor-col-100 elementor-top-column elementor-element elementor-element-e402f20\" data-id=\"e402f20\" data-element_type=\"column\">\n\t\t\t<div class=\"elementor-column-wrap\">\n\t\t\t\t\t\t\t<div class=\"elementor-widget-wrap\">\n\t\t\t\t\t\t\t\t<\/div>\n\t\t\t\t\t<\/div>\n\t\t<\/div>\n\t\t\t\t\t\t\t\t<\/div>\n\t\t\t\t\t<\/div>\n\t\t<\/section>\n\t\t\t\t\t\t\t\t\t<\/div>\n\t\t\t<\/div>\n\t\t\t\t\t<\/div>\n\t\t","protected":false},"excerpt":{"rendered":"<p>Semin&aacute;rio na UFMG debate import&acirc;ncia dos museus para comunica&ccedil;&atilde;o da ci&ecirc;ncia Segunda edi&ccedil;&atilde;o do evento contou com mesas e apresenta&ccedil;&otilde;es de trabalhos sobre a&ccedil;&otilde;es e experi&ecirc;ncias dos espa&ccedil;os museais Mesa &lsquo;A comunica&ccedil;&atilde;o p&uacute;blica da ci&ecirc;ncia nos museus&rsquo; com a professora Martha Marandino da USP | Foto: Eduardo Maia\/Proex A UFMG sediou o 2&ordm; Semin&aacute;rio de &hellip; <a href=\"https:\/\/www.ufmg.br\/rededemuseus\/index.php\/2025\/06\/16\/confira-caderno-de-resumos-apresentacoes-certificados-e-imagens-do-evento-2\/\" class=\"more-link\">Continue lendo <span class=\"screen-reader-text\">Confira: caderno de resumos, apresenta\u00e7\u00f5es, certificados e imagens do evento.<\/span> <span class=\"meta-nav\">&rarr;<\/span><\/a><\/p>\n","protected":false},"author":1,"featured_media":6906,"comment_status":"closed","ping_status":"closed","sticky":false,"template":"","format":"standard","meta":{"om_disable_all_campaigns":false,"_monsterinsights_skip_tracking":false,"_monsterinsights_sitenote_active":false,"_monsterinsights_sitenote_note":"","_monsterinsights_sitenote_category":0},"categories":[223],"tags":[],"aioseo_notices":[],"_links":{"self":[{"href":"https:\/\/www.ufmg.br\/rededemuseus\/index.php\/wp-json\/wp\/v2\/posts\/7117"}],"collection":[{"href":"https:\/\/www.ufmg.br\/rededemuseus\/index.php\/wp-json\/wp\/v2\/posts"}],"about":[{"href":"https:\/\/www.ufmg.br\/rededemuseus\/index.php\/wp-json\/wp\/v2\/types\/post"}],"author":[{"embeddable":true,"href":"https:\/\/www.ufmg.br\/rededemuseus\/index.php\/wp-json\/wp\/v2\/users\/1"}],"replies":[{"embeddable":true,"href":"https:\/\/www.ufmg.br\/rededemuseus\/index.php\/wp-json\/wp\/v2\/comments?post=7117"}],"version-history":[{"count":73,"href":"https:\/\/www.ufmg.br\/rededemuseus\/index.php\/wp-json\/wp\/v2\/posts\/7117\/revisions"}],"predecessor-version":[{"id":7216,"href":"https:\/\/www.ufmg.br\/rededemuseus\/index.php\/wp-json\/wp\/v2\/posts\/7117\/revisions\/7216"}],"wp:featuredmedia":[{"embeddable":true,"href":"https:\/\/www.ufmg.br\/rededemuseus\/index.php\/wp-json\/wp\/v2\/media\/6906"}],"wp:attachment":[{"href":"https:\/\/www.ufmg.br\/rededemuseus\/index.php\/wp-json\/wp\/v2\/media?parent=7117"}],"wp:term":[{"taxonomy":"category","embeddable":true,"href":"https:\/\/www.ufmg.br\/rededemuseus\/index.php\/wp-json\/wp\/v2\/categories?post=7117"},{"taxonomy":"post_tag","embeddable":true,"href":"https:\/\/www.ufmg.br\/rededemuseus\/index.php\/wp-json\/wp\/v2\/tags?post=7117"}],"curies":[{"name":"wp","href":"https:\/\/api.w.org\/{rel}","templated":true}]}}