

{"id":7643,"date":"2026-03-02T17:55:36","date_gmt":"2026-03-02T20:55:36","guid":{"rendered":"https:\/\/www.ufmg.br\/rededemuseus\/?p=7643"},"modified":"2026-03-11T09:47:25","modified_gmt":"2026-03-11T12:47:25","slug":"rede-de-museus-realiza-selecao-de-bolsistas-de-extensao-inscricoes-ate-o-dia-10-de-marco","status":"publish","type":"post","link":"https:\/\/www.ufmg.br\/rededemuseus\/index.php\/2026\/03\/02\/rede-de-museus-realiza-selecao-de-bolsistas-de-extensao-inscricoes-ate-o-dia-10-de-marco\/","title":{"rendered":"Rede de Museus realiza sele\u00e7\u00e3o de bolsistas de extens\u00e3o para projeto de Revitaliza\u00e7\u00e3o de Reservas T\u00e9cnicas: inscri\u00e7\u00f5es at\u00e9 o dia 10 de mar\u00e7o."},"content":{"rendered":"\t\t<div data-elementor-type=\"wp-post\" data-elementor-id=\"7643\" class=\"elementor elementor-7643\">\n\t\t\t\t\t\t<div class=\"elementor-inner\">\n\t\t\t\t<div class=\"elementor-section-wrap\">\n\t\t\t\t\t\t\t\t\t<section class=\"elementor-section elementor-top-section elementor-element elementor-element-724032a elementor-section-boxed elementor-section-height-default elementor-section-height-default\" data-id=\"724032a\" data-element_type=\"section\">\n\t\t\t\t\t\t<div class=\"elementor-container elementor-column-gap-default\">\n\t\t\t\t\t\t\t<div class=\"elementor-row\">\n\t\t\t\t\t<div class=\"elementor-column elementor-col-100 elementor-top-column elementor-element elementor-element-0df1772\" data-id=\"0df1772\" data-element_type=\"column\">\n\t\t\t<div class=\"elementor-column-wrap\">\n\t\t\t\t\t\t\t<div class=\"elementor-widget-wrap\">\n\t\t\t\t\t\t\t\t<\/div>\n\t\t\t\t\t<\/div>\n\t\t<\/div>\n\t\t\t\t\t\t\t\t<\/div>\n\t\t\t\t\t<\/div>\n\t\t<\/section>\n\t\t\t\t<section class=\"elementor-section elementor-top-section elementor-element elementor-element-bf96d3c elementor-section-boxed elementor-section-height-default elementor-section-height-default\" data-id=\"bf96d3c\" data-element_type=\"section\">\n\t\t\t\t\t\t<div class=\"elementor-container elementor-column-gap-default\">\n\t\t\t\t\t\t\t<div class=\"elementor-row\">\n\t\t\t\t\t<div class=\"elementor-column elementor-col-100 elementor-top-column elementor-element elementor-element-a691af5\" data-id=\"a691af5\" data-element_type=\"column\">\n\t\t\t<div class=\"elementor-column-wrap elementor-element-populated\">\n\t\t\t\t\t\t\t<div class=\"elementor-widget-wrap\">\n\t\t\t\t\t\t<div class=\"elementor-element elementor-element-e842b52 elementor-widget elementor-widget-html\" data-id=\"e842b52\" data-element_type=\"widget\" data-widget_type=\"html.default\">\n\t\t\t\t<div class=\"elementor-widget-container\">\n\t\t\t<hr id=\"system-readmore\" \/>\r\n<div id=\"js_4r\" class=\"_5pbx userContent\" data-ft=\"{&quot;tn&quot;:&quot;K&quot;}\">\r\n<figure>\r\n<p>A Rede de Museus da UFMG recebe inscri\u00e7\u00f5es, at\u00e9 o dia 10 de mar\u00e7o de 2026, para processo seletivo referente a 7 (sete) vagas para bolsistas de Apoio \u00e0 Extens\u00e3o. <\/p>\r\n<p>Poder\u00e3o inscrever-se alunos da UFMG regularmente matriculados nos Cursos de Gradua\u00e7\u00e3o em Conserva\u00e7\u00e3o-Restaura\u00e7\u00e3o de Bens Culturais e Cinema de Anima\u00e7\u00e3o que estejam cursando do 2\u00ba ao 7\u00ba per\u00edodo. \u00c9 necess\u00e1rio ter disponibilidade para dedicar 20 (vinte) horas semanais em atividades a serem realizadas presencialmente nos espa\u00e7os integrantes da Rede de Museus e Espa\u00e7os de Ci\u00eancias e Cultura da UFMG, incluindo cataloga\u00e7\u00e3o, acondicionamento, valora\u00e7\u00e3o, diagn\u00f3stico de gest\u00e3o de risco, monitoramento climatol\u00f3gico, registo imag\u00e9tico das a\u00e7\u00f5es \u2013 incluindo editora\u00e7\u00e3o de v\u00eddeo -, apoio na organiza\u00e7\u00e3o da documenta\u00e7\u00e3o do projeto e elabora\u00e7\u00e3o de relat\u00f3rio.<\/p>\r\n<p>\u00a0<\/p>\r\n<p><strong>Confira o Edital 02\/2026, seus resultados parciais, convoca\u00e7\u00f5es para entrevistas e resultados finais em:\r\n\r\n<\/div>\t\t<\/div>\n\t\t\t\t<\/div>\n\t\t\t\t<section class=\"elementor-section elementor-inner-section elementor-element elementor-element-e6338ff elementor-section-boxed elementor-section-height-default elementor-section-height-default\" data-id=\"e6338ff\" data-element_type=\"section\">\n\t\t\t\t\t\t<div class=\"elementor-container elementor-column-gap-default\">\n\t\t\t\t\t\t\t<div class=\"elementor-row\">\n\t\t\t\t\t<div class=\"elementor-column elementor-col-50 elementor-inner-column elementor-element elementor-element-b7644be\" data-id=\"b7644be\" data-element_type=\"column\">\n\t\t\t<div class=\"elementor-column-wrap elementor-element-populated\">\n\t\t\t\t\t\t\t<div class=\"elementor-widget-wrap\">\n\t\t\t\t\t\t<div class=\"elementor-element elementor-element-fc8f32a elementor-view-default elementor-widget elementor-widget-icon\" data-id=\"fc8f32a\" data-element_type=\"widget\" data-widget_type=\"icon.default\">\n\t\t\t\t<div class=\"elementor-widget-container\">\n\t\t\t\t\t<div class=\"elementor-icon-wrapper\">\n\t\t\t<a class=\"elementor-icon\" href=\"https:\/\/www.ufmg.br\/rededemuseus\/index.php\/processos-seletivos\/\">\n\t\t\t<i aria-hidden=\"true\" class=\"fas fa-street-view\"><\/i>\t\t\t<\/a>\n\t\t<\/div>\n\t\t\t\t<\/div>\n\t\t\t\t<\/div>\n\t\t\t\t\t\t<\/div>\n\t\t\t\t\t<\/div>\n\t\t<\/div>\n\t\t\t\t<div class=\"elementor-column elementor-col-50 elementor-inner-column elementor-element elementor-element-2c7974f\" data-id=\"2c7974f\" data-element_type=\"column\">\n\t\t\t<div class=\"elementor-column-wrap elementor-element-populated\">\n\t\t\t\t\t\t\t<div class=\"elementor-widget-wrap\">\n\t\t\t\t\t\t<div class=\"elementor-element elementor-element-530a5cb elementor-widget elementor-widget-heading\" data-id=\"530a5cb\" data-element_type=\"widget\" data-widget_type=\"heading.default\">\n\t\t\t\t<div class=\"elementor-widget-container\">\n\t\t\t<h2 class=\"elementor-heading-title elementor-size-default\"><a href=\"https:\/\/www.ufmg.br\/rededemuseus\/index.php\/processos-seletivos\/\">Processos Seletivos<\/a><\/h2>\t\t<\/div>\n\t\t\t\t<\/div>\n\t\t\t\t\t\t<\/div>\n\t\t\t\t\t<\/div>\n\t\t<\/div>\n\t\t\t\t\t\t\t\t<\/div>\n\t\t\t\t\t<\/div>\n\t\t<\/section>\n\t\t\t\t\t\t<\/div>\n\t\t\t\t\t<\/div>\n\t\t<\/div>\n\t\t\t\t\t\t\t\t<\/div>\n\t\t\t\t\t<\/div>\n\t\t<\/section>\n\t\t\t\t\t\t\t\t\t<\/div>\n\t\t\t<\/div>\n\t\t\t\t\t<\/div>\n\t\t","protected":false},"excerpt":{"rendered":"<p>A Rede de Museus da UFMG recebe inscri&ccedil;&otilde;es, at&eacute; o dia 10 de mar&ccedil;o de 2026, para processo seletivo referente a 7 (sete) vagas para bolsistas de Apoio &agrave; Extens&atilde;o. Poder&atilde;o inscrever-se alunos da UFMG regularmente matriculados nos Cursos de Gradua&ccedil;&atilde;o em Conserva&ccedil;&atilde;o-Restaura&ccedil;&atilde;o de Bens Culturais e Cinema de Anima&ccedil;&atilde;o que estejam cursando do 2&ordm; &hellip; <a href=\"https:\/\/www.ufmg.br\/rededemuseus\/index.php\/2026\/03\/02\/rede-de-museus-realiza-selecao-de-bolsistas-de-extensao-inscricoes-ate-o-dia-10-de-marco\/\" class=\"more-link\">Continue lendo <span class=\"screen-reader-text\">Rede de Museus realiza sele\u00e7\u00e3o de bolsistas de extens\u00e3o para projeto de Revitaliza\u00e7\u00e3o de Reservas T\u00e9cnicas: inscri\u00e7\u00f5es at\u00e9 o dia 10 de mar\u00e7o.<\/span> <span class=\"meta-nav\">&rarr;<\/span><\/a><\/p>\n","protected":false},"author":1,"featured_media":7650,"comment_status":"closed","ping_status":"closed","sticky":false,"template":"","format":"standard","meta":{"om_disable_all_campaigns":false,"_monsterinsights_skip_tracking":false,"_monsterinsights_sitenote_active":false,"_monsterinsights_sitenote_note":"","_monsterinsights_sitenote_category":0},"categories":[256],"tags":[],"aioseo_notices":[],"_links":{"self":[{"href":"https:\/\/www.ufmg.br\/rededemuseus\/index.php\/wp-json\/wp\/v2\/posts\/7643"}],"collection":[{"href":"https:\/\/www.ufmg.br\/rededemuseus\/index.php\/wp-json\/wp\/v2\/posts"}],"about":[{"href":"https:\/\/www.ufmg.br\/rededemuseus\/index.php\/wp-json\/wp\/v2\/types\/post"}],"author":[{"embeddable":true,"href":"https:\/\/www.ufmg.br\/rededemuseus\/index.php\/wp-json\/wp\/v2\/users\/1"}],"replies":[{"embeddable":true,"href":"https:\/\/www.ufmg.br\/rededemuseus\/index.php\/wp-json\/wp\/v2\/comments?post=7643"}],"version-history":[{"count":10,"href":"https:\/\/www.ufmg.br\/rededemuseus\/index.php\/wp-json\/wp\/v2\/posts\/7643\/revisions"}],"predecessor-version":[{"id":7655,"href":"https:\/\/www.ufmg.br\/rededemuseus\/index.php\/wp-json\/wp\/v2\/posts\/7643\/revisions\/7655"}],"wp:featuredmedia":[{"embeddable":true,"href":"https:\/\/www.ufmg.br\/rededemuseus\/index.php\/wp-json\/wp\/v2\/media\/7650"}],"wp:attachment":[{"href":"https:\/\/www.ufmg.br\/rededemuseus\/index.php\/wp-json\/wp\/v2\/media?parent=7643"}],"wp:term":[{"taxonomy":"category","embeddable":true,"href":"https:\/\/www.ufmg.br\/rededemuseus\/index.php\/wp-json\/wp\/v2\/categories?post=7643"},{"taxonomy":"post_tag","embeddable":true,"href":"https:\/\/www.ufmg.br\/rededemuseus\/index.php\/wp-json\/wp\/v2\/tags?post=7643"}],"curies":[{"name":"wp","href":"https:\/\/api.w.org\/{rel}","templated":true}]}}